{"id":1620,"date":"2022-09-28T12:01:08","date_gmt":"2022-09-28T12:01:08","guid":{"rendered":"https:\/\/prowproject.eu\/news-item-6\/"},"modified":"2022-10-06T10:32:57","modified_gmt":"2022-10-06T10:32:57","slug":"news-item-6","status":"publish","type":"post","link":"https:\/\/prowproject.eu\/ro\/news-item-6\/","title":{"rendered":"Universitatea din Pite\u0219ti, prezent\u0103 la Conferin\u021ba Interna\u021bional\u0103 EARLI SIG 5 privind educa\u021bia timpurie"},"content":{"rendered":"\n<p class=\"has-text-align-left\">La Conferin\u021ba EARLI SIG 5 dedicat\u0103 educa\u021biei timpurii, desf\u0103\u0219urat\u0103 \u00een Olanda, la Utrecht, \u00een perioada 12-15 iulie, Universitatea din Pite\u0219ti a fost prezent\u0103 cu o lucrare specific\u0103, o analiz\u0103 a nevoilor de dezvoltare profesional\u0103 \u0219i a mediului profesional al educatorilor din Rom\u00e2nia. Lucrarea a fost realizat\u0103 pe baza datelor colectate \u00een cadrul proiectului \u201ePromovarea st\u0103rii de bine profesorilor prin sprijinul comportamentului pozitiv \u00een educa\u021bia timpurie\u201d (ProW), derulat de Universitatea din Pite\u0219ti, \u00een calitate de partener, al\u0103turi de Inspectoratul \u0218colar Jude\u021bean Arge\u0219 \u0219i de al\u021bi parteneri din Grecia, Cipru \u0219i Portugalia. Datele prezentate participan\u021bilor la conferin\u021b\u0103 au reliefat aspectele specifice Rom\u00e2niei \u00een ceea ce prive\u0219te climatul de munc\u0103 din gr\u0103dini\u021be, precum \u0219i nevoile de dezvoltare profesional\u0103 ale educatorilor participan\u021bi \u00een proiect. Dezbaterile pe aceste teme s-au derulat \u00een cadrul Simpozionului dedicat proiectului Pro-W, cu titlul Professional development in four European countries: what needs and constraints do ECEC staff report? EARLI SIG 5 se concentreaz\u0103 pe \u00eenv\u0103\u021barea \u0219i dezvoltarea \u00een copil\u0103ria timpurie de la na\u0219tere p\u00e2n\u0103 la v\u00e2rsta de opt ani. Scopul conferin\u021bei este de a oferi o platform\u0103 pentru colaborarea interna\u021bional\u0103 \u0219i schimbul de idei, precum \u0219i o discu\u021bie riguroas\u0103 \u0219i bazat\u0103 pe dovezi despre cercetarea timpurie a copil\u0103riei at\u00e2t din \u0219tiin\u021bele educa\u021biei, c\u00e2t \u0219i ale dezvolt\u0103rii. Tema EARLI SIG5 2022: \u201eTimpurile \u00een schimbare \u00een ECEC: Noi oportunit\u0103\u021bi pentru stimularea dezvolt\u0103rii \u0219i \u00eembun\u0103t\u0103\u021birea durabilit\u0103\u021bii\u201d. R\u0103m\u00e2ne\u021bi conectat dac\u0103 dori\u021bi s\u0103 afla\u021bi mai multe despre activit\u0103\u021bile din fiecare \u021bar\u0103 a proiectului \u0219i vizita\u021bi site-ul nostru \u00een mod regulat pentru mai multe actualiz\u0103ri<\/p>\n","protected":false},"excerpt":{"rendered":"<p>La Conferin\u021ba EARLI SIG 5 dedicat\u0103 educa\u021biei timpurii, desf\u0103\u0219urat\u0103 \u00een Olanda, la Utrecht, \u00een perioada 12-15 iulie, Universitatea din Pite\u0219ti&#8230;<\/p>\n","protected":false},"author":1,"featured_media":446,"comment_status":"closed","ping_status":"closed","sticky":false,"template":"","format":"standard","meta":{"footnotes":""},"categories":[3,6],"tags":[],"class_list":["post-1620","post","type-post","status-publish","format-standard","has-post-thumbnail","hentry","category-news","category-uncategorized-ro"],"_links":{"self":[{"href":"https:\/\/prowproject.eu\/ro\/wp-json\/wp\/v2\/posts\/1620","targetHints":{"allow":["GET"]}}],"collection":[{"href":"https:\/\/prowproject.eu\/ro\/wp-json\/wp\/v2\/posts"}],"about":[{"href":"https:\/\/prowproject.eu\/ro\/wp-json\/wp\/v2\/types\/post"}],"author":[{"embeddable":true,"href":"https:\/\/prowproject.eu\/ro\/wp-json\/wp\/v2\/users\/1"}],"replies":[{"embeddable":true,"href":"https:\/\/prowproject.eu\/ro\/wp-json\/wp\/v2\/comments?post=1620"}],"version-history":[{"count":2,"href":"https:\/\/prowproject.eu\/ro\/wp-json\/wp\/v2\/posts\/1620\/revisions"}],"predecessor-version":[{"id":1657,"href":"https:\/\/prowproject.eu\/ro\/wp-json\/wp\/v2\/posts\/1620\/revisions\/1657"}],"wp:featuredmedia":[{"embeddable":true,"href":"https:\/\/prowproject.eu\/ro\/wp-json\/wp\/v2\/media\/446"}],"wp:attachment":[{"href":"https:\/\/prowproject.eu\/ro\/wp-json\/wp\/v2\/media?parent=1620"}],"wp:term":[{"taxonomy":"category","embeddable":true,"href":"https:\/\/prowproject.eu\/ro\/wp-json\/wp\/v2\/categories?post=1620"},{"taxonomy":"post_tag","embeddable":true,"href":"https:\/\/prowproject.eu\/ro\/wp-json\/wp\/v2\/tags?post=1620"}],"curies":[{"name":"wp","href":"https:\/\/api.w.org\/{rel}","templated":true}]}}