{"id":1604,"date":"2022-09-28T11:49:55","date_gmt":"2022-09-28T11:49:55","guid":{"rendered":"https:\/\/prowproject.eu\/news-item-3-3\/"},"modified":"2022-10-06T10:32:08","modified_gmt":"2022-10-06T10:32:08","slug":"news-item-3-3","status":"publish","type":"post","link":"https:\/\/prowproject.eu\/ro\/news-item-3-3\/","title":{"rendered":"Dac\u0103 e miercuri, e &#8230; webinar despre starea de bine"},"content":{"rendered":"\n<p> Luna trecut\u0103, al\u0103turi de colegii inspectori din ISJ \u0219i de directorii unit\u0103\u021bilor de \u00eenv\u0103\u021b\u0103m\u00e2nt partenere, am sim\u021bit \u0219i tr\u0103it &#8230; starea de bine. La webinarul educa\u021bional de ast\u0103zi, cu tema \u201d(Re)proiectarea activit\u0103\u021bilor de \u00eenv\u0103\u021bare pentru adaptarea la mediul online\u201d, vom discuta deschis despre aspectele pe care le presupune \u00eenv\u0103\u021barea online. De\u0219i nu ne declar\u0103m un fan al \u00eenv\u0103\u021b\u0103rii de acest tip, suntem OAMENI de educa\u021bie \u0219i \u00een\u021belegem c\u0103 putem s\u0103 contribuim, \u00een aceste timpuri, la formarea unei educa\u021bii de calitate. Lu\u0103m masa \u00eempreun\u0103, suntem mult \u0219i conecta\u021bi unii cu al\u021bii mult mai mult, ca-n alte vremuri. Suntem online, pe device-uri, suntem \u201dout\u201d &#8211; vorbim cu al\u021bi oameni, din afara casei, comunit\u0103\u021bii \u0219i \u021b\u0103rii. Suntem foarte \u201din\u201d, pentru c\u0103 ne \u00eentoarcem mult c\u0103tre noi \u00een\u0219ine, c\u0103tre cei ai casei, c\u0103tre cei ai familiei. Suntem foarte aproape de Dumnezeu, \u00een arbitrarul selec\u021biei noastre, suntem aproape de \u0219tiin\u021b\u0103, medicin\u0103 \u0219i vaccinuri &#8230; tot \u00een arbitrarul evenimentelor noastre. Transformarea noastr\u0103, ca indivizi, \u0219i a lumii noastre ne aduce parc\u0103 o identitate nou\u0103, un mix \u00eentre cele dou\u0103 lumi, o zbatere pentru a r\u0103m\u00e2ne s\u0103n\u0103to\u0219i la cap, normali rela\u021bional \u0219i puternici fizic.<br> Am auzit de cur\u00e2nd o pild\u0103 despre Sf\u00e2ntul Augustin \u0219i f\u0103c\u00e2nd referire la cuvintele acestuia \u201dVremurile sunt ur\u00e2te, spun oamenii. Dar dac\u0103 ei ar tr\u0103i frumos \u015fi vremurile ar fi frumoase. Noi suntem vremurile.\u201d haide\u021bi s\u0103 fim cu to\u021bii al\u0103turi \u0219i \u00een dup\u0103-amiaza aceasta \u0219i s\u0103 \u00eencepem s\u0103 facem pa\u0219i siguri \u0219i motiva\u021bi \u00een \u00eenv\u0103\u021barea de a tr\u0103i frumos, pentru ca vremurile s\u0103 fie la fel de frumoase ca noi!<br> To be continue!<\/p>\n\n\n<div class=\"wp-block-image\">\n<figure class=\"aligncenter size-full\"><img loading=\"lazy\" decoding=\"async\" width=\"280\" height=\"187\" src=\"https:\/\/prowproject.eu\/wp-content\/uploads\/2022\/09\/ProW_Romania_News-item3_En-iunie-2.jpg\" alt=\"\" class=\"wp-image-1574\"\/><\/figure>\n<\/div>","protected":false},"excerpt":{"rendered":"<p>Luna trecut\u0103, al\u0103turi de colegii inspectori din ISJ \u0219i de directorii unit\u0103\u021bilor de \u00eenv\u0103\u021b\u0103m\u00e2nt partenere, am sim\u021bit \u0219i tr\u0103it &#8230;&#8230;<\/p>\n","protected":false},"author":1,"featured_media":1574,"comment_status":"closed","ping_status":"closed","sticky":false,"template":"","format":"standard","meta":{"footnotes":""},"categories":[3,6],"tags":[],"class_list":["post-1604","post","type-post","status-publish","format-standard","has-post-thumbnail","hentry","category-news","category-uncategorized-ro"],"_links":{"self":[{"href":"https:\/\/prowproject.eu\/ro\/wp-json\/wp\/v2\/posts\/1604","targetHints":{"allow":["GET"]}}],"collection":[{"href":"https:\/\/prowproject.eu\/ro\/wp-json\/wp\/v2\/posts"}],"about":[{"href":"https:\/\/prowproject.eu\/ro\/wp-json\/wp\/v2\/types\/post"}],"author":[{"embeddable":true,"href":"https:\/\/prowproject.eu\/ro\/wp-json\/wp\/v2\/users\/1"}],"replies":[{"embeddable":true,"href":"https:\/\/prowproject.eu\/ro\/wp-json\/wp\/v2\/comments?post=1604"}],"version-history":[{"count":2,"href":"https:\/\/prowproject.eu\/ro\/wp-json\/wp\/v2\/posts\/1604\/revisions"}],"predecessor-version":[{"id":1656,"href":"https:\/\/prowproject.eu\/ro\/wp-json\/wp\/v2\/posts\/1604\/revisions\/1656"}],"wp:featuredmedia":[{"embeddable":true,"href":"https:\/\/prowproject.eu\/ro\/wp-json\/wp\/v2\/media\/1574"}],"wp:attachment":[{"href":"https:\/\/prowproject.eu\/ro\/wp-json\/wp\/v2\/media?parent=1604"}],"wp:term":[{"taxonomy":"category","embeddable":true,"href":"https:\/\/prowproject.eu\/ro\/wp-json\/wp\/v2\/categories?post=1604"},{"taxonomy":"post_tag","embeddable":true,"href":"https:\/\/prowproject.eu\/ro\/wp-json\/wp\/v2\/tags?post=1604"}],"curies":[{"name":"wp","href":"https:\/\/api.w.org\/{rel}","templated":true}]}}