{"id":662,"date":"2021-08-02T10:55:40","date_gmt":"2021-08-02T10:55:40","guid":{"rendered":"https:\/\/prowproject.eu\/2021\/08\/02\/sharing-results-at-the-international-school-psychology-association-international-event\/"},"modified":"2021-10-12T11:56:50","modified_gmt":"2021-10-12T11:56:50","slug":"sharing-results-at-the-international-school-psychology-association-international-event","status":"publish","type":"post","link":"https:\/\/prowproject.eu\/pt-pt\/sharing-results-at-the-international-school-psychology-association-international-event\/","title":{"rendered":"Partilha de Resultados no evento da Associa\u00e7\u00e3o Internacional de Psicologia Escolar"},"content":{"rendered":"\n<p>Foi uma grande honra para a equipa dos parceiros CARDET e Instituto para o Desenvolvimento participar na Confer\u00eancia Anual da <em>International School Psychology Association<\/em> (13-16 de julho de 2021).\u00a0 O ISPA \u00e9 uma Organiza\u00e7\u00e3o N\u00e3o Governamental oficialmente afiliada \u00e0 UNESCO e a maior associa\u00e7\u00e3o mundial de psicologia escolar com milhares de membros de todo o mundo (https:\/\/www.ispaweb.org\/). O evento deste ano foi organizado em Chipre e tivemos a oportunidade de apresentar o trabalho desenvolvido em v\u00e1rias iniciativas e projetos de investiga\u00e7\u00e3o relacionados com a experi\u00eancia pol\u00edtica ProW. As apresenta\u00e7\u00f5es inclu\u00edram os seguintes documentos:<\/p>\n\n\n\n<p>1.&nbsp;&nbsp;&nbsp; A conce\u00e7\u00e3o e implementa\u00e7\u00e3o de um programa para melhorar o bem-estar dos professores&nbsp;<\/p>\n\n\n\n<p>Vicky Charalambous, Anastassios Stalikas, Charalambos Vrasidas<\/p>\n\n\n\n<p>2.&nbsp;&nbsp;&nbsp; Pr\u00e9-escolas resilientes: Construir a capacidade dos professores da primeira inf\u00e2ncia para uma Educa\u00e7\u00e3o Positiva&nbsp;<\/p>\n\n\n\n<p>Vicky Charalambous, Georgia Karaoli, Panayiotis Kosmas, Charalambos Vrasidas, Maria Eracleous, Pavlina Hadjitheodoulou Loizidou, Elena Papamichael, Christiana Stavrou<\/p>\n\n\n\n<p>3.&nbsp;&nbsp;&nbsp; Implementa\u00e7\u00e3o de a\u00e7\u00e3o de apoio ao comportamento positivo em toda a escola&nbsp;<\/p>\n\n\n\n<p>Eliza Theofanous, Charalambos Vrasidas, Militsa Nikiforou, Vicky Charalambous<\/p>\n\n\n\n<p>4.&nbsp;&nbsp;&nbsp; Mudan\u00e7a sist\u00e9mica e ci\u00eancia de implementa\u00e7\u00e3o: Desafios e possibilidades do SWPBS&nbsp;<\/p>\n\n\n\n<p>Charalambos Vrasidas, Vicky Charalambous, Eliza Theofanous, Elena Papamichael, Pavlina Hadjitheodoulou Loizidou<\/p>\n\n\n\n<p>O trabalho visa apoiar a elabora\u00e7\u00e3o de pol\u00edticas baseadas em evid\u00eancias. Foi apresentada investiga\u00e7\u00e3o que apoia o desenvolvimento de pol\u00edticas para a educa\u00e7\u00e3o, professores e alunos, bem como a melhoria das escolas. Estas apresenta\u00e7\u00f5es colocam-nos no mapa da investiga\u00e7\u00e3o global e enfatizam o importante trabalho que fazemos para melhorar a qualidade da educa\u00e7\u00e3o a n\u00edvel nacional e na Europa.<\/p>\n\n\n<div class=\"uk-section-default uk-section\">\n<div class=\"uk-container\">\n<div class=\"tm-grid-expand uk-grid-margin uk-grid uk-grid-stack\">\n<div class=\"uk-grid-item-match uk-flex-middle uk-width-1-3@m uk-grid-margin uk-first-column\">\n<div class=\"uk-panel uk-width-1-1\">\n<div class=\"uk-margin uk-scrollspy-inview uk-animation-fade\" data-id=\"page#0-1-1-0\"><img decoding=\"async\" class=\"el-image\" src=\"https:\/\/prowproject.eu\/wp-content\/themes\/yootheme\/cache\/ISPA_photo_1-1-56fce31d.png\" sizes=\"(min-width: 1329px) 1329px\" srcset=\"https:\/\/prowproject.eu\/wp-admin\/admin-ajax.php?p=image&amp;action=kernel&amp;src=WyJ3cC1jb250ZW50XC91cGxvYWRzXC8yMDIxXC8wOFwvSVNQQV9waG90b18xLTEucG5nIixbWyJkb1Jlc2l6ZSIsWzc2OCw0NDQsNzY4LDQ0NF1dLFsiZG9Dcm9wIixbNzY4LDQ0NCwwLDBdXV1d&amp;hash=61a3c599dafc6133441ed434fca0dbfd 768w, https:\/\/prowproject.eu\/wp-admin\/admin-ajax.php?p=image&amp;action=kernel&amp;src=WyJ3cC1jb250ZW50XC91cGxvYWRzXC8yMDIxXC8wOFwvSVNQQV9waG90b18xLTEucG5nIixbWyJkb1Jlc2l6ZSIsWzEwMjQsNTkyLDEwMjQsNTkyXV0sWyJkb0Nyb3AiLFsxMDI0LDU5MiwwLDBdXV1d&amp;hash=24b7aeb0f4b9478045c0c0ab1c06808d 1024w, https:\/\/prowproject.eu\/wp-admin\/admin-ajax.php?p=image&amp;action=kernel&amp;src=WyJ3cC1jb250ZW50XC91cGxvYWRzXC8yMDIxXC8wOFwvSVNQQV9waG90b18xLTEucG5nIixbWyJkb1Jlc2l6ZSIsWzEzMjksNzY4LDEzMjksNzY4XV0sWyJkb0Nyb3AiLFsxMzI4LDc2OCwwLDBdXV1d&amp;hash=73af6fc4b28a61eae3592f6ddafb44c9 1328w, \/wp-content\/themes\/yootheme\/cache\/ISPA_photo_1-1-56fce31d.png 1329w\" alt=\"\" data-src=\"\/wp-content\/themes\/yootheme\/cache\/ISPA_photo_1-1-56fce31d.png\" data-srcset=\"https:\/\/prowproject.eu\/wp-admin\/admin-ajax.php?p=image&amp;action=kernel&amp;src=WyJ3cC1jb250ZW50XC91cGxvYWRzXC8yMDIxXC8wOFwvSVNQQV9waG90b18xLTEucG5nIixbWyJkb1Jlc2l6ZSIsWzc2OCw0NDQsNzY4LDQ0NF1dLFsiZG9Dcm9wIixbNzY4LDQ0NCwwLDBdXV1d&amp;hash=61a3c599dafc6133441ed434fca0dbfd 768w, https:\/\/prowproject.eu\/wp-admin\/admin-ajax.php?p=image&amp;action=kernel&amp;src=WyJ3cC1jb250ZW50XC91cGxvYWRzXC8yMDIxXC8wOFwvSVNQQV9waG90b18xLTEucG5nIixbWyJkb1Jlc2l6ZSIsWzEwMjQsNTkyLDEwMjQsNTkyXV0sWyJkb0Nyb3AiLFsxMDI0LDU5MiwwLDBdXV1d&amp;hash=24b7aeb0f4b9478045c0c0ab1c06808d 1024w, https:\/\/prowproject.eu\/wp-admin\/admin-ajax.php?p=image&amp;action=kernel&amp;src=WyJ3cC1jb250ZW50XC91cGxvYWRzXC8yMDIxXC8wOFwvSVNQQV9waG90b18xLTEucG5nIixbWyJkb1Jlc2l6ZSIsWzEzMjksNzY4LDEzMjksNzY4XV0sWyJkb0Nyb3AiLFsxMzI4LDc2OCwwLDBdXV1d&amp;hash=73af6fc4b28a61eae3592f6ddafb44c9 1328w, \/wp-content\/themes\/yootheme\/cache\/ISPA_photo_1-1-56fce31d.png 1329w\" data-sizes=\"(min-width: 1329px) 1329px\" data-width=\"1329\" data-height=\"768\" \/><\/div>\n<\/div>\n<\/div>\n<\/div>\n<\/div>\n<\/div>","protected":false},"excerpt":{"rendered":"<p>Foi uma grande honra para a equipa dos parceiros CARDET e Instituto para o Desenvolvimento participar na Confer\u00eancia Anual da&#8230;<\/p>\n","protected":false},"author":1,"featured_media":544,"comment_status":"closed","ping_status":"closed","sticky":false,"template":"","format":"standard","meta":{"footnotes":""},"categories":[20],"tags":[],"class_list":["post-662","post","type-post","status-publish","format-standard","has-post-thumbnail","hentry","category-news-pt-pt"],"_links":{"self":[{"href":"https:\/\/prowproject.eu\/pt-pt\/wp-json\/wp\/v2\/posts\/662","targetHints":{"allow":["GET"]}}],"collection":[{"href":"https:\/\/prowproject.eu\/pt-pt\/wp-json\/wp\/v2\/posts"}],"about":[{"href":"https:\/\/prowproject.eu\/pt-pt\/wp-json\/wp\/v2\/types\/post"}],"author":[{"embeddable":true,"href":"https:\/\/prowproject.eu\/pt-pt\/wp-json\/wp\/v2\/users\/1"}],"replies":[{"embeddable":true,"href":"https:\/\/prowproject.eu\/pt-pt\/wp-json\/wp\/v2\/comments?post=662"}],"version-history":[{"count":2,"href":"https:\/\/prowproject.eu\/pt-pt\/wp-json\/wp\/v2\/posts\/662\/revisions"}],"predecessor-version":[{"id":673,"href":"https:\/\/prowproject.eu\/pt-pt\/wp-json\/wp\/v2\/posts\/662\/revisions\/673"}],"wp:featuredmedia":[{"embeddable":true,"href":"https:\/\/prowproject.eu\/pt-pt\/wp-json\/wp\/v2\/media\/544"}],"wp:attachment":[{"href":"https:\/\/prowproject.eu\/pt-pt\/wp-json\/wp\/v2\/media?parent=662"}],"wp:term":[{"taxonomy":"category","embeddable":true,"href":"https:\/\/prowproject.eu\/pt-pt\/wp-json\/wp\/v2\/categories?post=662"},{"taxonomy":"post_tag","embeddable":true,"href":"https:\/\/prowproject.eu\/pt-pt\/wp-json\/wp\/v2\/tags?post=662"}],"curies":[{"name":"wp","href":"https:\/\/api.w.org\/{rel}","templated":true}]}}