{"id":2051,"date":"2024-02-27T12:24:48","date_gmt":"2024-02-27T12:24:48","guid":{"rendered":"https:\/\/prowproject.eu\/prow-final-conference-in-thessaloniki-greece\/"},"modified":"2024-02-27T12:25:41","modified_gmt":"2024-02-27T12:25:41","slug":"prow-final-conference-in-thessaloniki-greece","status":"publish","type":"post","link":"https:\/\/prowproject.eu\/pt-pt\/prow-final-conference-in-thessaloniki-greece\/","title":{"rendered":"Confer\u00eancia Final do projeto ProW em Sal\u00f3nica, Gr\u00e9cia"},"content":{"rendered":"\n<p>Com o aproximar do final da implementa\u00e7\u00e3o do projeto ProW, o cons\u00f3rcio organizou uma confer\u00eancia final, em Sal\u00f3nica, na Gr\u00e9cia, no passado dia 3 de fevereiro. O evento, de acesso livre e aberto a toda a comunidade, contou com uma audi\u00eancia maioritariamente composta por profissionais e investigadores na \u00e1rea da educa\u00e7\u00e3o de inf\u00e2ncia. A confer\u00eancia teve in\u00edcio com a interven\u00e7\u00e3o da Professora Yvonne Anders (Universidade de Bamberg, Alemanha) na qual foram apresentados dados de investiga\u00e7\u00f5es recentes e algumas reflex\u00f5es pertinentes sobre o papel do desenvolvimento profissional na promo\u00e7\u00e3o da qualidade dos contextos de educa\u00e7\u00e3o de inf\u00e2ncia. Seguiu-se uma comunica\u00e7\u00e3o, da Dra. Vicky Charalambous (Instituto de Desenvolvimento, Chipre), na qual foi apresentada uma perspetiva geral sobre o modelo PERMA. De seguida, o Professor Vrasidas Charalambos (Universidade de Nic\u00f3sia, Chipre), apresentou o plano de escalabilidade das pr\u00e1ticas e resultados do projeto ProW. Depois de uma curta pausa social, o Professor George Manolitsis (Universidade de Creta, Gr\u00e9cia), apresentou os principais resultados da implementa\u00e7\u00e3o do projeto ProW nos quatro pa\u00edses participantes \u2013 Gr\u00e9cia, Chipre, Rom\u00e9nia e Portugal. O momento final da confer\u00eancia reuniu, numa mesa-redonda, investigadores, decisores pol\u00edticos e profissionais de educa\u00e7\u00e3o, que discutiram em conjunto alguns dos principais desafios e potencialidades na defini\u00e7\u00e3o e implementa\u00e7\u00e3o de pol\u00edticas p\u00fablicas baseadas na investiga\u00e7\u00e3o do ProW. Estas apresenta\u00e7\u00f5es e reflex\u00f5es forma uma excelente forma de concluir a implementa\u00e7\u00e3o do projeto ProW, celebrando os seus sucessos e definindo objetivos comuns para o futuro do bem-estar em contextos de educa\u00e7\u00e3o de inf\u00e2ncia. <\/p>\n\n<figure class=\"wp-block-gallery has-nested-images columns-default is-cropped wp-block-gallery-1 is-layout-flex wp-block-gallery-is-layout-flex\">\n<figure class=\"wp-block-image size-large\"><img loading=\"lazy\" decoding=\"async\" width=\"768\" height=\"1024\" data-id=\"2044\" src=\"https:\/\/prowproject.eu\/wp-content\/uploads\/2024\/02\/IMG_3622-768x1024.jpeg\" alt=\"\" class=\"wp-image-2044\" srcset=\"https:\/\/prowproject.eu\/wp-content\/uploads\/2024\/02\/IMG_3622-768x1024.jpeg 768w, https:\/\/prowproject.eu\/wp-content\/uploads\/2024\/02\/IMG_3622-225x300.jpeg 225w, https:\/\/prowproject.eu\/wp-content\/uploads\/2024\/02\/IMG_3622.jpeg 1000w\" sizes=\"auto, (max-width: 768px) 100vw, 768px\" \/><\/figure>\n\n\n\n<figure class=\"wp-block-image size-large\"><img loading=\"lazy\" decoding=\"async\" width=\"768\" height=\"1024\" data-id=\"2048\" src=\"https:\/\/prowproject.eu\/wp-content\/uploads\/2024\/02\/IMG_3642-768x1024.jpeg\" alt=\"\" class=\"wp-image-2048\" srcset=\"https:\/\/prowproject.eu\/wp-content\/uploads\/2024\/02\/IMG_3642-768x1024.jpeg 768w, https:\/\/prowproject.eu\/wp-content\/uploads\/2024\/02\/IMG_3642-225x300.jpeg 225w, https:\/\/prowproject.eu\/wp-content\/uploads\/2024\/02\/IMG_3642.jpeg 1000w\" sizes=\"auto, (max-width: 768px) 100vw, 768px\" \/><\/figure>\n<\/figure>\n","protected":false},"excerpt":{"rendered":"<p>Com o aproximar do final da implementa\u00e7\u00e3o do projeto ProW, o cons\u00f3rcio organizou uma confer\u00eancia final, em Sal\u00f3nica, na Gr\u00e9cia,&#8230;<\/p>\n","protected":false},"author":1,"featured_media":2039,"comment_status":"closed","ping_status":"closed","sticky":false,"template":"","format":"standard","meta":{"footnotes":""},"categories":[20],"tags":[],"class_list":["post-2051","post","type-post","status-publish","format-standard","has-post-thumbnail","hentry","category-news-pt-pt"],"_links":{"self":[{"href":"https:\/\/prowproject.eu\/pt-pt\/wp-json\/wp\/v2\/posts\/2051","targetHints":{"allow":["GET"]}}],"collection":[{"href":"https:\/\/prowproject.eu\/pt-pt\/wp-json\/wp\/v2\/posts"}],"about":[{"href":"https:\/\/prowproject.eu\/pt-pt\/wp-json\/wp\/v2\/types\/post"}],"author":[{"embeddable":true,"href":"https:\/\/prowproject.eu\/pt-pt\/wp-json\/wp\/v2\/users\/1"}],"replies":[{"embeddable":true,"href":"https:\/\/prowproject.eu\/pt-pt\/wp-json\/wp\/v2\/comments?post=2051"}],"version-history":[{"count":2,"href":"https:\/\/prowproject.eu\/pt-pt\/wp-json\/wp\/v2\/posts\/2051\/revisions"}],"predecessor-version":[{"id":2053,"href":"https:\/\/prowproject.eu\/pt-pt\/wp-json\/wp\/v2\/posts\/2051\/revisions\/2053"}],"wp:featuredmedia":[{"embeddable":true,"href":"https:\/\/prowproject.eu\/pt-pt\/wp-json\/wp\/v2\/media\/2039"}],"wp:attachment":[{"href":"https:\/\/prowproject.eu\/pt-pt\/wp-json\/wp\/v2\/media?parent=2051"}],"wp:term":[{"taxonomy":"category","embeddable":true,"href":"https:\/\/prowproject.eu\/pt-pt\/wp-json\/wp\/v2\/categories?post=2051"},{"taxonomy":"post_tag","embeddable":true,"href":"https:\/\/prowproject.eu\/pt-pt\/wp-json\/wp\/v2\/tags?post=2051"}],"curies":[{"name":"wp","href":"https:\/\/api.w.org\/{rel}","templated":true}]}}