{"id":1978,"date":"2023-12-18T14:14:20","date_gmt":"2023-12-18T14:14:20","guid":{"rendered":"https:\/\/prowproject.eu\/final-conference-of-prow-project-in-portugal\/"},"modified":"2023-12-18T14:14:57","modified_gmt":"2023-12-18T14:14:57","slug":"final-conference-of-prow-project-in-portugal","status":"publish","type":"post","link":"https:\/\/prowproject.eu\/pt-pt\/final-conference-of-prow-project-in-portugal\/","title":{"rendered":"Confer\u00eancia Final do Projeto ProW em Portugal"},"content":{"rendered":"\n<p>No passado m\u00eas de novembro, decorreu o semin\u00e1rio final do projeto ProW, na Faculdade de Psicologia e Ci\u00eancias da Educa\u00e7\u00e3o da Universidade do Porto (FPCEUP). Subordinada ao tema \u201cPromover o bem-estar de profissionais de educa\u00e7\u00e3o de inf\u00e2ncia \u2013 o projeto ProW\u201d, esta foi uma tarde na qual investigadores, profissionais da educa\u00e7\u00e3o de inf\u00e2ncia e agentes pol\u00edticos se reuniram e discutiram os desafios e potencialidades das interven\u00e7\u00f5es promotoras do bem-estar em contextos de educa\u00e7\u00e3o de inf\u00e2ncia. <\/p>\n","protected":false},"excerpt":{"rendered":"<p>No passado m\u00eas de novembro, decorreu o semin\u00e1rio final do projeto ProW, na Faculdade de Psicologia e Ci\u00eancias da Educa\u00e7\u00e3o&#8230;<\/p>\n","protected":false},"author":1,"featured_media":1975,"comment_status":"closed","ping_status":"closed","sticky":false,"template":"","format":"standard","meta":{"footnotes":""},"categories":[20],"tags":[],"class_list":["post-1978","post","type-post","status-publish","format-standard","has-post-thumbnail","hentry","category-news-pt-pt"],"_links":{"self":[{"href":"https:\/\/prowproject.eu\/pt-pt\/wp-json\/wp\/v2\/posts\/1978","targetHints":{"allow":["GET"]}}],"collection":[{"href":"https:\/\/prowproject.eu\/pt-pt\/wp-json\/wp\/v2\/posts"}],"about":[{"href":"https:\/\/prowproject.eu\/pt-pt\/wp-json\/wp\/v2\/types\/post"}],"author":[{"embeddable":true,"href":"https:\/\/prowproject.eu\/pt-pt\/wp-json\/wp\/v2\/users\/1"}],"replies":[{"embeddable":true,"href":"https:\/\/prowproject.eu\/pt-pt\/wp-json\/wp\/v2\/comments?post=1978"}],"version-history":[{"count":4,"href":"https:\/\/prowproject.eu\/pt-pt\/wp-json\/wp\/v2\/posts\/1978\/revisions"}],"predecessor-version":[{"id":1982,"href":"https:\/\/prowproject.eu\/pt-pt\/wp-json\/wp\/v2\/posts\/1978\/revisions\/1982"}],"wp:featuredmedia":[{"embeddable":true,"href":"https:\/\/prowproject.eu\/pt-pt\/wp-json\/wp\/v2\/media\/1975"}],"wp:attachment":[{"href":"https:\/\/prowproject.eu\/pt-pt\/wp-json\/wp\/v2\/media?parent=1978"}],"wp:term":[{"taxonomy":"category","embeddable":true,"href":"https:\/\/prowproject.eu\/pt-pt\/wp-json\/wp\/v2\/categories?post=1978"},{"taxonomy":"post_tag","embeddable":true,"href":"https:\/\/prowproject.eu\/pt-pt\/wp-json\/wp\/v2\/tags?post=1978"}],"curies":[{"name":"wp","href":"https:\/\/api.w.org\/{rel}","templated":true}]}}