{"id":1948,"date":"2023-09-18T10:45:26","date_gmt":"2023-09-18T10:45:26","guid":{"rendered":"https:\/\/prowproject.eu\/6th-prow-transnational-consortium-meeting-in-porto-portugal\/"},"modified":"2023-09-18T10:46:11","modified_gmt":"2023-09-18T10:46:11","slug":"6th-prow-transnational-consortium-meeting-in-porto-portugal","status":"publish","type":"post","link":"https:\/\/prowproject.eu\/pt-pt\/6th-prow-transnational-consortium-meeting-in-porto-portugal\/","title":{"rendered":"6\u00aa Reuni\u00e3o do Cons\u00f3rcio ProW no Porto, Portugal"},"content":{"rendered":"\n<p>Nos dias 4 e 5 de setembro, o cons\u00f3rcio do projeto ProW esteve reunido na Faculdade de Psicologia e Ci\u00eancias da Educa\u00e7\u00e3o da Universidade do Porto (FPCEUP), em Portugal. Findos os dois anos de interven\u00e7\u00e3o do ProW nas escolas, foi poss\u00edvel fazer um balan\u00e7o das interven\u00e7\u00f5es implementadas, bem como discutir a divulga\u00e7\u00e3o e escalabilidade dos resultados do projeto. Esta reuni\u00e3o facilitou o encontro presencial dos parceiros de investiga\u00e7\u00e3o e autoridades locais do cons\u00f3rcio, permitindo tamb\u00e9m a defini\u00e7\u00e3o de objetivos e metas comuns para o \u00faltimo semestre do projeto ProW. <\/p>\n","protected":false},"excerpt":{"rendered":"<p>Nos dias 4 e 5 de setembro, o cons\u00f3rcio do projeto ProW esteve reunido na Faculdade de Psicologia e Ci\u00eancias&#8230;<\/p>\n","protected":false},"author":1,"featured_media":1945,"comment_status":"closed","ping_status":"closed","sticky":false,"template":"","format":"standard","meta":{"footnotes":""},"categories":[20],"tags":[],"class_list":["post-1948","post","type-post","status-publish","format-standard","has-post-thumbnail","hentry","category-news-pt-pt"],"_links":{"self":[{"href":"https:\/\/prowproject.eu\/pt-pt\/wp-json\/wp\/v2\/posts\/1948","targetHints":{"allow":["GET"]}}],"collection":[{"href":"https:\/\/prowproject.eu\/pt-pt\/wp-json\/wp\/v2\/posts"}],"about":[{"href":"https:\/\/prowproject.eu\/pt-pt\/wp-json\/wp\/v2\/types\/post"}],"author":[{"embeddable":true,"href":"https:\/\/prowproject.eu\/pt-pt\/wp-json\/wp\/v2\/users\/1"}],"replies":[{"embeddable":true,"href":"https:\/\/prowproject.eu\/pt-pt\/wp-json\/wp\/v2\/comments?post=1948"}],"version-history":[{"count":2,"href":"https:\/\/prowproject.eu\/pt-pt\/wp-json\/wp\/v2\/posts\/1948\/revisions"}],"predecessor-version":[{"id":1950,"href":"https:\/\/prowproject.eu\/pt-pt\/wp-json\/wp\/v2\/posts\/1948\/revisions\/1950"}],"wp:featuredmedia":[{"embeddable":true,"href":"https:\/\/prowproject.eu\/pt-pt\/wp-json\/wp\/v2\/media\/1945"}],"wp:attachment":[{"href":"https:\/\/prowproject.eu\/pt-pt\/wp-json\/wp\/v2\/media?parent=1948"}],"wp:term":[{"taxonomy":"category","embeddable":true,"href":"https:\/\/prowproject.eu\/pt-pt\/wp-json\/wp\/v2\/categories?post=1948"},{"taxonomy":"post_tag","embeddable":true,"href":"https:\/\/prowproject.eu\/pt-pt\/wp-json\/wp\/v2\/tags?post=1948"}],"curies":[{"name":"wp","href":"https:\/\/api.w.org\/{rel}","templated":true}]}}