{"id":1855,"date":"2023-07-17T07:13:50","date_gmt":"2023-07-17T07:13:50","guid":{"rendered":"https:\/\/prowproject.eu\/final-gathering-of-prow-intervention-in-portugal\/"},"modified":"2023-07-17T07:25:21","modified_gmt":"2023-07-17T07:25:21","slug":"final-gathering-of-prow-intervention-in-portugal","status":"publish","type":"post","link":"https:\/\/prowproject.eu\/pt-pt\/final-gathering-of-prow-intervention-in-portugal\/","title":{"rendered":"Final gathering of ProW intervention in Portugal"},"content":{"rendered":"\n<p>Conclu\u00eddas as sess\u00f5es de interven\u00e7\u00e3o do projeto ProW nos jardins de inf\u00e2ncia do Munic\u00edpio de Lousada, as educadoras que participaram no projeto reuniram-se com as equipas da Universidade do Porto e da C\u00e2mara Municipal de Lousada para um piquenique final. Nesta tarde agrad\u00e1vel, n\u00e3o faltaram partilhas entre colegas, anima\u00e7\u00e3o, boa comida e promo\u00e7\u00e3o do bem-estar! &#13;\nDesejamos \u00e0s nossas educadoras uma interrup\u00e7\u00e3o de Ver\u00e3o restabelecedora, agradecendo todo o seu empenho, dedica\u00e7\u00e3o e colabora\u00e7\u00e3o nestes dois anos de ProW! &#13;\n<\/p>\n","protected":false},"excerpt":{"rendered":"<p>Conclu\u00eddas as sess\u00f5es de interven\u00e7\u00e3o do projeto ProW nos jardins de inf\u00e2ncia do Munic\u00edpio de Lousada, as educadoras que participaram&#8230;<\/p>\n","protected":false},"author":1,"featured_media":1879,"comment_status":"closed","ping_status":"closed","sticky":false,"template":"","format":"standard","meta":{"footnotes":""},"categories":[20],"tags":[],"class_list":["post-1855","post","type-post","status-publish","format-standard","has-post-thumbnail","hentry","category-news-pt-pt"],"_links":{"self":[{"href":"https:\/\/prowproject.eu\/pt-pt\/wp-json\/wp\/v2\/posts\/1855","targetHints":{"allow":["GET"]}}],"collection":[{"href":"https:\/\/prowproject.eu\/pt-pt\/wp-json\/wp\/v2\/posts"}],"about":[{"href":"https:\/\/prowproject.eu\/pt-pt\/wp-json\/wp\/v2\/types\/post"}],"author":[{"embeddable":true,"href":"https:\/\/prowproject.eu\/pt-pt\/wp-json\/wp\/v2\/users\/1"}],"replies":[{"embeddable":true,"href":"https:\/\/prowproject.eu\/pt-pt\/wp-json\/wp\/v2\/comments?post=1855"}],"version-history":[{"count":4,"href":"https:\/\/prowproject.eu\/pt-pt\/wp-json\/wp\/v2\/posts\/1855\/revisions"}],"predecessor-version":[{"id":1859,"href":"https:\/\/prowproject.eu\/pt-pt\/wp-json\/wp\/v2\/posts\/1855\/revisions\/1859"}],"wp:featuredmedia":[{"embeddable":true,"href":"https:\/\/prowproject.eu\/pt-pt\/wp-json\/wp\/v2\/media\/1879"}],"wp:attachment":[{"href":"https:\/\/prowproject.eu\/pt-pt\/wp-json\/wp\/v2\/media?parent=1855"}],"wp:term":[{"taxonomy":"category","embeddable":true,"href":"https:\/\/prowproject.eu\/pt-pt\/wp-json\/wp\/v2\/categories?post=1855"},{"taxonomy":"post_tag","embeddable":true,"href":"https:\/\/prowproject.eu\/pt-pt\/wp-json\/wp\/v2\/tags?post=1855"}],"curies":[{"name":"wp","href":"https:\/\/api.w.org\/{rel}","templated":true}]}}