{"id":1037,"date":"2022-05-02T16:18:38","date_gmt":"2022-05-02T16:18:38","guid":{"rendered":"https:\/\/prowproject.eu\/2022\/05\/02\/swpbs-the-involvement-of-children-in-the-definition-of-behavior-expectations\/"},"modified":"2022-05-02T16:20:22","modified_gmt":"2022-05-02T16:20:22","slug":"swpbs-the-involvement-of-children-in-the-definition-of-behavior-expectations","status":"publish","type":"post","link":"https:\/\/prowproject.eu\/pt-pt\/swpbs-the-involvement-of-children-in-the-definition-of-behavior-expectations\/","title":{"rendered":"SWPBS: o envolvimento das crian\u00e7as na defini\u00e7\u00e3o de expectativas comportamentais"},"content":{"rendered":"\n<p>Durante os \u00faltimos meses, t\u00eam decorrido as sess\u00f5es de forma\u00e7\u00e3o do projeto ProW, no \u00e2mbito dos modelos PERMA e SWPBS, com 24 educadoras de inf\u00e2ncia do Munic\u00edpio de Lousada. <\/p>\n\n<div class=\"wp-block-image\"><figure class=\"alignright size-full is-resized\"><img loading=\"lazy\" decoding=\"async\" src=\"https:\/\/prowproject.eu\/wp-content\/uploads\/2022\/05\/pt-3-b.jpg\" alt=\"\" class=\"wp-image-1034\" width=\"426\" height=\"243\" srcset=\"https:\/\/prowproject.eu\/wp-content\/uploads\/2022\/05\/pt-3-b.jpg 823w, https:\/\/prowproject.eu\/wp-content\/uploads\/2022\/05\/pt-3-b-300x171.jpg 300w, https:\/\/prowproject.eu\/wp-content\/uploads\/2022\/05\/pt-3-b-768x439.jpg 768w\" sizes=\"auto, (max-width: 426px) 100vw, 426px\" \/><\/figure><\/div>\n\n<p>Depois de momentos de reflex\u00e3o e defini\u00e7\u00e3o dos valores priorit\u00e1rios para os seus respetivos jardins de inf\u00e2ncia, bem como de alguns exerc\u00edcios de identifica\u00e7\u00e3o de espa\u00e7os e momentos da rotina nos quais os comportamentos inapropriados das crian\u00e7as s\u00e3o mais frequentes e\/ou disruptivos, as profissionais foram desafiadas a envolver as crian\u00e7as com quem trabalham na defini\u00e7\u00e3o dos comportamentos apropriados esperados no dia-a-dia do jardim de inf\u00e2ncia. Para responder a este desafio, as educadoras tiveram liberdade para planear as atividades que lhes parecessem mais adequadas ao seu grupo de crian\u00e7as, considerando, por exemplo, outras atividades previamente planeadas e a decorrer, as idades e as carater\u00edsticas desenvolvimentais do seu grupo. Alguns dos resultados deste desafio foram desenhos ilustrativos das regras de comportamento na sala de aula ou noutros espa\u00e7os comuns do jardim-de-inf\u00e2ncia. A t\u00edtulo de exemplo, os desenhos apresentados abaixo foram feitos por tr\u00eas crian\u00e7as e ilustram os comportamentos adequados a adotar durante a hora de almo\u00e7o: sentar-se adequadamente, tentar provar todos os alimentos e manter a comida dentro do prato. <\/p>\n\n<p>O envolvimento e investimento das educadoras de inf\u00e2ncia participantes no projeto, quer durante as sess\u00f5es de forma\u00e7\u00e3o, quer nos desafios que lhes s\u00e3o colocados para desenvolver com os seus grupos de crian\u00e7as ou com os\/as seus\/suas colegas, t\u00eam sido imprescind\u00edveis para que a transfer\u00eancia das ferramentas e estrat\u00e9gias da forma\u00e7\u00e3o para os contextos pr\u00e1ticos seja poss\u00edvel.  <\/p>\n\n<div class=\"wp-block-image\"><figure class=\"aligncenter size-large\"><img loading=\"lazy\" decoding=\"async\" width=\"1024\" height=\"328\" src=\"https:\/\/prowproject.eu\/wp-content\/uploads\/2022\/05\/pt-3-a-1024x328.jpg\" alt=\"\" class=\"wp-image-1030\" srcset=\"https:\/\/prowproject.eu\/wp-content\/uploads\/2022\/05\/pt-3-a-1024x328.jpg 1024w, https:\/\/prowproject.eu\/wp-content\/uploads\/2022\/05\/pt-3-a-300x96.jpg 300w, https:\/\/prowproject.eu\/wp-content\/uploads\/2022\/05\/pt-3-a-768x246.jpg 768w, https:\/\/prowproject.eu\/wp-content\/uploads\/2022\/05\/pt-3-a.jpg 1378w\" sizes=\"auto, (max-width: 1024px) 100vw, 1024px\" \/><\/figure><\/div>\n","protected":false},"excerpt":{"rendered":"<p>Durante os \u00faltimos meses, t\u00eam decorrido as sess\u00f5es de forma\u00e7\u00e3o do projeto ProW, no \u00e2mbito dos modelos PERMA e SWPBS,&#8230;<\/p>\n","protected":false},"author":1,"featured_media":1034,"comment_status":"closed","ping_status":"closed","sticky":false,"template":"","format":"standard","meta":{"footnotes":""},"categories":[20],"tags":[],"class_list":["post-1037","post","type-post","status-publish","format-standard","has-post-thumbnail","hentry","category-news-pt-pt"],"_links":{"self":[{"href":"https:\/\/prowproject.eu\/pt-pt\/wp-json\/wp\/v2\/posts\/1037","targetHints":{"allow":["GET"]}}],"collection":[{"href":"https:\/\/prowproject.eu\/pt-pt\/wp-json\/wp\/v2\/posts"}],"about":[{"href":"https:\/\/prowproject.eu\/pt-pt\/wp-json\/wp\/v2\/types\/post"}],"author":[{"embeddable":true,"href":"https:\/\/prowproject.eu\/pt-pt\/wp-json\/wp\/v2\/users\/1"}],"replies":[{"embeddable":true,"href":"https:\/\/prowproject.eu\/pt-pt\/wp-json\/wp\/v2\/comments?post=1037"}],"version-history":[{"count":2,"href":"https:\/\/prowproject.eu\/pt-pt\/wp-json\/wp\/v2\/posts\/1037\/revisions"}],"predecessor-version":[{"id":1039,"href":"https:\/\/prowproject.eu\/pt-pt\/wp-json\/wp\/v2\/posts\/1037\/revisions\/1039"}],"wp:featuredmedia":[{"embeddable":true,"href":"https:\/\/prowproject.eu\/pt-pt\/wp-json\/wp\/v2\/media\/1034"}],"wp:attachment":[{"href":"https:\/\/prowproject.eu\/pt-pt\/wp-json\/wp\/v2\/media?parent=1037"}],"wp:term":[{"taxonomy":"category","embeddable":true,"href":"https:\/\/prowproject.eu\/pt-pt\/wp-json\/wp\/v2\/categories?post=1037"},{"taxonomy":"post_tag","embeddable":true,"href":"https:\/\/prowproject.eu\/pt-pt\/wp-json\/wp\/v2\/tags?post=1037"}],"curies":[{"name":"wp","href":"https:\/\/api.w.org\/{rel}","templated":true}]}}